{"id":2124,"date":"2023-03-27T13:17:00","date_gmt":"2023-03-27T13:17:00","guid":{"rendered":"https:\/\/javives.es\/?p=2124"},"modified":"2023-03-27T13:19:37","modified_gmt":"2023-03-27T13:19:37","slug":"la-inextinguible-estirpe-de-los-trepas","status":"publish","type":"post","link":"https:\/\/javives.es\/?p=2124","title":{"rendered":"La inextinguible estirpe de los trepas"},"content":{"rendered":"<p>Son, los trepas, personas que, al margen de ser, o no, inteligentes, se distinguen f\u00e1cilmente por su carencia de sentimientos positivos hacia los dem\u00e1s. Pertenecen a ese mundo ego\u00edsta en el que nadie parece haber entendido \u2013como dir\u00eda Mafalda\u2013 \u201cque la tierra\u00a0 gira alrededor del sol, no de ellos mismos\u201d. En estos tales, adem\u00e1s, suele cumplirse con bastante fidelidad aquello que proclaman refranes como: \u201cAnde yo caliente\u2026\u201d, \u201cPrimero mi diente, que mi pariente\u201d\u2026 Son, en definitiva, \u2013como dice la Real Academia de la Lengua\u2013, al referirse al sentido coloquial del t\u00e9rmino: \u201cpersonas que intentan ascender profesional o socialmente aprovechando cualquier circunstancia y sin importarle los medios que utilice para ello\u201d.<\/p>\n<p>Estos personajes, cuyos principios \u2013como los de Groucho Marx\u2013 son f\u00e1cilmente variables y se adaptan con pasmosa naturalidad a lo que consideran ser los quereres y pensares de \u201csus jefes\u201d, suelen poseer un armario ropero con camisas de los m\u00e1s variados colores para acomodarse f\u00e1cilmente a las m\u00e1s diversas circunstancias y encandilar as\u00ed mejor a quienes\u00a0 piensan que les pueden facilitar el medrar dentro del \u00e1mbito en que se mueven. Ellos que, por supuesto no se permiten nunca la m\u00e1s m\u00ednima cr\u00edtica a los dirigentes, suelen compensar este forzado servilismo con el despotismo con que tratan a quienes se encuentran bajo \u201csu parcela de mando\u201d.<\/p>\n<p>Dentro, sin embargo, de la variedad pol\u00edcroma de aquellos a los que, \u00a0\u201cpara subir en los escalafones de lo que consideran poder, no les importa pisotear a quien haga falta\u201d, existen algunos \u2013a mi entender los m\u00e1s da\u00f1inos y peligrosos\u2013 que ocultan o disfrazan sus pretensiones de prosperar y ascender en los organigramas con el manto de una vivencia cristiana, que en realidad no puede ser aut\u00e9ntica desde el momento que no s\u00f3lo no se basa en el aprecio y respeto por los dem\u00e1s, sino que convierte a \u00e9stos en meras piezas de ajedrez al servicio de su jugada.<\/p>\n<p>Por desgracia, no existe una eficaz vacuna para acabar con toda la variedad existente de trepas, pues, por aquello de hundir sus ra\u00edces en el ego\u00edsmo humano, es inextinguible, pero s\u00ed existe contra ellos un cierto ant\u00eddoto, que s\u00f3lo se act\u00faa en la medida en que los dirigentes de Instituciones, Empresas, etc. no se dejan llevar f\u00e1cilmente por halagos \u2013a veces empalagosos\u2013 y por apariencias deslumbrantes \u2013alimentadas con calculados fulgores\u2013, sino que van conociendo pausadamente a las personas, leyendo, desde el propio coraz\u00f3n, los sentimientos de los dem\u00e1s, pues, en palabras del Principito de Antoine de Saint-Exup\u00e9ry: <em>S\u00f3lo se ve bien con el coraz\u00f3n<\/em>.<\/p>\n<p><em>EPLA, 26 de marzo de 2023<\/em><\/p>\n<p><strong><em>Juan Antonio Vives Aguilella<\/em><\/strong><\/p>\n","protected":false},"excerpt":{"rendered":"<p>Son, los trepas, personas que, al margen de ser, o no, inteligentes, se distinguen f\u00e1cilmente por su carencia de sentimientos positivos hacia los dem\u00e1s. Pertenecen a ese mundo ego\u00edsta en el que nadie parece haber entendido \u2013como dir\u00eda Mafalda\u2013 \u201cque la tierra\u00a0 gira alrededor del sol, no de ellos mismos\u201d. En estos tales, adem\u00e1s, suele [&hellip;]<\/p>\n","protected":false},"author":1,"featured_media":2127,"comment_status":"open","ping_status":"open","sticky":false,"template":"","format":"standard","meta":{"footnotes":""},"categories":[2],"tags":[],"class_list":["post-2124","post","type-post","status-publish","format-standard","has-post-thumbnail","hentry","category-articulos"],"_links":{"self":[{"href":"https:\/\/javives.es\/index.php?rest_route=\/wp\/v2\/posts\/2124"}],"collection":[{"href":"https:\/\/javives.es\/index.php?rest_route=\/wp\/v2\/posts"}],"about":[{"href":"https:\/\/javives.es\/index.php?rest_route=\/wp\/v2\/types\/post"}],"author":[{"embeddable":true,"href":"https:\/\/javives.es\/index.php?rest_route=\/wp\/v2\/users\/1"}],"replies":[{"embeddable":true,"href":"https:\/\/javives.es\/index.php?rest_route=%2Fwp%2Fv2%2Fcomments&post=2124"}],"version-history":[{"count":1,"href":"https:\/\/javives.es\/index.php?rest_route=\/wp\/v2\/posts\/2124\/revisions"}],"predecessor-version":[{"id":2126,"href":"https:\/\/javives.es\/index.php?rest_route=\/wp\/v2\/posts\/2124\/revisions\/2126"}],"wp:featuredmedia":[{"embeddable":true,"href":"https:\/\/javives.es\/index.php?rest_route=\/wp\/v2\/media\/2127"}],"wp:attachment":[{"href":"https:\/\/javives.es\/index.php?rest_route=%2Fwp%2Fv2%2Fmedia&parent=2124"}],"wp:term":[{"taxonomy":"category","embeddable":true,"href":"https:\/\/javives.es\/index.php?rest_route=%2Fwp%2Fv2%2Fcategories&post=2124"},{"taxonomy":"post_tag","embeddable":true,"href":"https:\/\/javives.es\/index.php?rest_route=%2Fwp%2Fv2%2Ftags&post=2124"}],"curies":[{"name":"wp","href":"https:\/\/api.w.org\/{rel}","templated":true}]}}