{"id":2095,"date":"2022-09-07T09:52:11","date_gmt":"2022-09-07T09:52:11","guid":{"rendered":"https:\/\/javives.es\/?p=2095"},"modified":"2022-09-07T09:52:11","modified_gmt":"2022-09-07T09:52:11","slug":"seniorado-y-juniorado","status":"publish","type":"post","link":"https:\/\/javives.es\/?p=2095","title":{"rendered":"Seniorado y juniorado"},"content":{"rendered":"<p>En la historia hay ejemplos para todo. Ha habido civilizaciones que concedieron o contin\u00faan concediendo preeminencia a los mayores con la creencia de que la edad era o es un plus en orden a la <em>sabidur\u00eda<\/em>. Buena prueba de ello se puede encontrar en la historia del pueblo jud\u00edo, y m\u00e1s concretamente en la instituci\u00f3n de su <em>sanedr\u00edn<\/em>, que, siguiendo las indicaciones de Yahveh a Mois\u00e9s estaba compuesto por ancianos (Num. 11,16-17 y 24-30). Y algo similar puede verse hoy en d\u00eda en el <em>Colegio Cardenalicio<\/em>, en el que la edad media de sus integrantes era \u2013el 4 de julio de este 2022\u2013 de 77 a\u00f1os, cifra que descend\u00eda a 71 si se contaban solo los electores y ascend\u00eda a 86 en el caso de sumar solo los no electores.<\/p>\n<p>No obstante, la <em>ancianidad<\/em> \u2013en el contexto mismo del Israel b\u00edblico\u2013 lejos de ser siempre digna de alabanza, se considera, llegado el momento, <em>sujeto de vituperio<\/em>, como es el caso de aquellos ancianos que, ante las palabras que Jes\u00fas dirige a quienes se dispon\u00edan a apedrear a la mujer ad\u00faltera, fueron los primeros en retirarse (Jn. 8, 9). Y por otra parte \u2013y esto es muy significativo\u2013 la misma <em>ancianidad<\/em> no est\u00e1 circunscrita a la mera <em>cronolog\u00eda<\/em>, al considerar que \u201cvejez venerable no se mide por el n\u00famero de a\u00f1os\u201d (Sab. 4, 8), sino que tiene tan estrechas relaciones con la <em>sabidur\u00eda<\/em>, que la persona no es considerada sabia por ser anciana, sino que se considera anciana por ser sabia, como se atestigua en el pasaje de la <em>casta Susana<\/em>, cuando los ancianos que juzgaban el caso, dirigi\u00e9ndose al joven Daniel le dicen: \u201cVen y si\u00e9ntate en medio de nosotros y dinos lo que piensas, ya que Dios te ha dado la dignidad de la ancianidad\u201d (Dan. 13, 50).<\/p>\n<p>Hoy en d\u00eda, la sociedad muestra una acentuada tendencia a exaltar la <em>juventud<\/em>, como se manifiesta, por ejemplo, en la edad de bastantes, de los l\u00edderes mundiales. Tambi\u00e9n en el \u00e1mbito de las ciencias \u2013especialmente en el de las nuevas tecnolog\u00edas\u2013 o en el mundo art\u00edstico son los j\u00f3venes, por lo general, quienes llevan la voz cantante. Y todo ello, sin duda, es resultado de la mejor formaci\u00f3n que tienen las j\u00f3venes generaciones con relaci\u00f3n a la de sus propios padres.<\/p>\n<p>Sin embargo, tan merecida exaltaci\u00f3n de la <em>juventud<\/em> ha llevado, en ocasiones, a una cierta <em>pol\u00edtica de temprano descarte<\/em> de personas que, aunque ya jubiladas laboralmente y aun en medio de achaques f\u00edsicos que para nada entorpecen sus capacidades de sentir, pensar y expresarse con clarividencia, est\u00e1n en perfectas condiciones para seguir aportando el saber acumulado de la propia experiencia a trav\u00e9s de los a\u00f1os.<\/p>\n<p>Por desgracia, esa <em>pol\u00edtica del descarte<\/em> no se est\u00e1 dando tan s\u00f3lo en el \u00e1mbito civil \u2013lo que no deja de ser triste y empobrecedor\u2013, sino tambi\u00e9n \u2013y esto es m\u00e1s incomprensible trat\u00e1ndose de colectivos que, al menos en teor\u00eda, debieran guiarse por valores humanistas\u2013 en algunas Congregaciones religiosas \u2013a veces de las menos numerosas, aunque parezca y sea un contrasentido\u2013 que, empe\u00f1adas en trasmitir su ser y actividad a los laicos, se apresuran a relegar al oscurantismo \u2013cuando no al ostracismo\u2013 a religiosos que a\u00fan est\u00e1n en capacidad de aportar mucho a la instituci\u00f3n. Se pierde as\u00ed la oportunidad de efectuar una buena transici\u00f3n dentro de la as\u00ed llamada <em>misi\u00f3n compartida<\/em>, que \u2013privada prematuramente del acompa\u00f1amiento efectivo de per\u00adsona experimentadas en el concreto quehacer\u2013 se ve abocada a un empobrecimien\u00adto, que influye aceleradamente incluso en la devaluaci\u00f3n de la propia identidad institucional.<\/p>\n<p>\u00bfAcaso no es la <em>sinodalidad<\/em>, un caminar juntos y acompasados sin ir dejando perso\u00adnas aparcadas a la vera del camino?<\/p>\n<p><em>EPLA, 7 de agosto de 2022<\/em><\/p>\n<p><strong><em>Juan Antonio Vives Aguilella<\/em><\/strong><\/p>\n","protected":false},"excerpt":{"rendered":"<p>En la historia hay ejemplos para todo. Ha habido civilizaciones que concedieron o contin\u00faan concediendo preeminencia a los mayores con la creencia de que la edad era o es un plus en orden a la sabidur\u00eda. Buena prueba de ello se puede encontrar en la historia del pueblo jud\u00edo, y m\u00e1s concretamente en la instituci\u00f3n [&hellip;]<\/p>\n","protected":false},"author":1,"featured_media":2096,"comment_status":"open","ping_status":"open","sticky":false,"template":"","format":"standard","meta":{"footnotes":""},"categories":[2],"tags":[],"class_list":["post-2095","post","type-post","status-publish","format-standard","has-post-thumbnail","hentry","category-articulos"],"_links":{"self":[{"href":"https:\/\/javives.es\/index.php?rest_route=\/wp\/v2\/posts\/2095"}],"collection":[{"href":"https:\/\/javives.es\/index.php?rest_route=\/wp\/v2\/posts"}],"about":[{"href":"https:\/\/javives.es\/index.php?rest_route=\/wp\/v2\/types\/post"}],"author":[{"embeddable":true,"href":"https:\/\/javives.es\/index.php?rest_route=\/wp\/v2\/users\/1"}],"replies":[{"embeddable":true,"href":"https:\/\/javives.es\/index.php?rest_route=%2Fwp%2Fv2%2Fcomments&post=2095"}],"version-history":[{"count":1,"href":"https:\/\/javives.es\/index.php?rest_route=\/wp\/v2\/posts\/2095\/revisions"}],"predecessor-version":[{"id":2097,"href":"https:\/\/javives.es\/index.php?rest_route=\/wp\/v2\/posts\/2095\/revisions\/2097"}],"wp:featuredmedia":[{"embeddable":true,"href":"https:\/\/javives.es\/index.php?rest_route=\/wp\/v2\/media\/2096"}],"wp:attachment":[{"href":"https:\/\/javives.es\/index.php?rest_route=%2Fwp%2Fv2%2Fmedia&parent=2095"}],"wp:term":[{"taxonomy":"category","embeddable":true,"href":"https:\/\/javives.es\/index.php?rest_route=%2Fwp%2Fv2%2Fcategories&post=2095"},{"taxonomy":"post_tag","embeddable":true,"href":"https:\/\/javives.es\/index.php?rest_route=%2Fwp%2Fv2%2Ftags&post=2095"}],"curies":[{"name":"wp","href":"https:\/\/api.w.org\/{rel}","templated":true}]}}