{"id":2081,"date":"2022-04-07T13:45:22","date_gmt":"2022-04-07T13:45:22","guid":{"rendered":"https:\/\/javives.es\/?p=2081"},"modified":"2022-04-07T13:47:29","modified_gmt":"2022-04-07T13:47:29","slug":"vocacion-de-servicio","status":"publish","type":"post","link":"https:\/\/javives.es\/?p=2081","title":{"rendered":"Vocaci\u00f3n de servicio"},"content":{"rendered":"<p>Toda vocaci\u00f3n cristiana es, en esencia, vocaci\u00f3n de servicio. Y esta servicialidad est\u00e1 llamada a resplandecer de forma particular en quienes ejercen cargos de responsabilidad, como indican, entre otras, estas frases evang\u00e9licas: <em>Quien quiera ser el primero, sea vuestro servidor<\/em> (Mc. 9, 35); <em>Yo estoy en medio de vosotros como el que sirve<\/em> (Lc. 22, 27); <em>Si yo, el Se\u00f1or y el Maestro, os he lavado los pies, tambi\u00e9n vosotros deb\u00e9is lavaros los pies unos a otros<\/em> (Jn. 13, 14).<\/p>\n<p>Desgraciadamente esta <em>vocaci\u00f3n de servicio<\/em> qued\u00f3 por muchos a\u00f1os \u2013exagerada\u00admente demasiados sin duda\u2013 ofuscada en la propia Iglesia, en la que los pastores han sido \u2013o al menos han parecido\u2013 por lo general, m\u00e1s <em>jerarcas<\/em> que <em>servidores<\/em>.<\/p>\n<p>Gracias a Dios, sin embargo, el Concilio Vaticano II puso decididamente de manifiesto la imprescindible importancia del servicio en quienes est\u00e1n llamados a pastorear a los fieles, aunque, por desgracia una vez m\u00e1s, esta doctrina conciliar, como otras muchas, qued\u00f3 silenciada hasta que el Papa Francisco le ha dado de nuevo visibilidad y actualidad con su insistencia en resaltar la <em>sinodalidad<\/em> como uno de los principales referentes de toda identidad cristiana y, de modo especial, de la identidad de los llamados a \u201cpresidir\u201d amorosamente el \u201creba\u00f1o\u201d desde una actitud humilde, sencilla, comprometida y servicial que supere todo atisbo de poder\u00edo, se\u00f1or\u00edo, dominio \u2013y otros \u201cvicios\u201d procedentes de la misma ra\u00edz de engreimiento\u2013 que han distinguido un <em>clericalismo<\/em> que, convertido en casta, necesita ser erradicado del todo, si se quiere restablecer en la Iglesia el esplendor de sus or\u00edgenes, que nunca debi\u00f3 ser ensombre\u00adcido.<\/p>\n<p>La <em>doctrina sinodal<\/em> implica en s\u00ed misma \u2013entre otras ense\u00f1anzas\u2013 la de saber distinguir con claridad entre <em>potestas<\/em> y <em>auctoritas<\/em>. La primera \u2013la <em>potestad<\/em>\u2013 es algo que se otorga a quienes ejercen un determinado cargo. La <em>autoridad<\/em>, sin embargo, no es producto de una adjudicaci\u00f3n o concesi\u00f3n, sino fruto del <em>reconocimiento<\/em> que quienes, sinti\u00e9ndose queridos y apreciados, hacen de aquel a quien perciben y consideran como su servidor. Hablando, pues, en cristiano, la <em>potestad<\/em> s\u00f3lo es en verdad tal si es recono\u00adcida como autoridad (cf. Mc. 1, 22).<\/p>\n<p>Desde estas consideraciones en torno a la <em>sinodalidad<\/em>, se puede ver con mayor luminosidad la raz\u00f3n por la que la <em>identidad amigoniana<\/em> \u2013y la <em>pedagog\u00eda<\/em> que de ella se deriva con naturalidad\u2013 han hecho de la <em>servicialidad<\/em> uno de sus pilares m\u00e1s fundamentales.<\/p>\n<p>En el \u00e1mbito propiamente pedag\u00f3gico, la <em>tradici\u00f3n amigoniana<\/em> \u2013consciente de que el educador, s\u00f3lo es considerado tal por sus alumnos, es decir, s\u00f3lo es para ellos verdadera <em>autoridad<\/em>, si estos mismos se la reconocen\u2013 ha fundamentado la propia acci\u00f3n educativa en un <em>amor misericordioso<\/em> que tiene como uno de sus principales distintivos un <em>servicio<\/em> a los alumnos y sus familias, entretejido de <em>presencia<\/em>, <em>cercan\u00eda<\/em>, <em>sencillez<\/em>, <em>amabilidad<\/em>\u2026, que se renueva <em>cotidianamente<\/em>.<\/p>\n<p>Y esta <em>servicialidad educativa<\/em> debe ser tambi\u00e9n un especial distintivo de quienes est\u00e1n llamados a ejercer, dentro de ese mismo \u00e1mbito pedag\u00f3gico amigoniano, los puestos de <em>mayor responsabilidad<\/em>. Para \u00e9stos, el lema debiera ser \u201c<em>a mayor responsa\u00adbilidad, mayor servicialidad<\/em>\u201d, o sea: mayor sencillez, cercan\u00eda, amabilidad\u2026 para con quienes est\u00e1n incluidos en el marco de su propia responsabilidad, y comenzando por los que son los primeros colaboradores con su tarea: <em>educadores<\/em>, <em>profesores<\/em>, <em>personal de servicio<\/em>, <em>enfermer\u00eda<\/em>, <em>limpieza<\/em>\u2026<\/p>\n<p>\u00bfDe qu\u00e9 le sirve a uno alardear de una <em>potestad<\/em> que le es ajena, si no est\u00e1 reconocida como <em>autoridad<\/em>? Y nada es tan contrario a la autoridad como la <em>prepotencia<\/em>.<\/p>\n<p>El <em>servicio<\/em> es, pues, una de las lecciones fundamentales que debe de <em>aprender<\/em> \u2013y sobre todo <em>practicar<\/em>\u2013 quien quiera ser considerado en verdad <em>educador amigoniano<\/em> o por quien quiera ejercer con dignidad un <em>cargo de responsabilidad<\/em> dentro del propio \u00e1mbito amigoniano.<\/p>\n<p>&nbsp;<\/p>\n<p><em>EPLA, 5 de abril de 2022<\/em><\/p>\n<p><strong><em>Juan Antonio Vives Aguilella<\/em><\/strong><\/p>\n","protected":false},"excerpt":{"rendered":"<p>Toda vocaci\u00f3n cristiana es, en esencia, vocaci\u00f3n de servicio. Y esta servicialidad est\u00e1 llamada a resplandecer de forma particular en quienes ejercen cargos de responsabilidad, como indican, entre otras, estas frases evang\u00e9licas: Quien quiera ser el primero, sea vuestro servidor (Mc. 9, 35); Yo estoy en medio de vosotros como el que sirve (Lc. 22, [&hellip;]<\/p>\n","protected":false},"author":1,"featured_media":2082,"comment_status":"open","ping_status":"open","sticky":false,"template":"","format":"standard","meta":{"footnotes":""},"categories":[2],"tags":[],"class_list":["post-2081","post","type-post","status-publish","format-standard","has-post-thumbnail","hentry","category-articulos"],"_links":{"self":[{"href":"https:\/\/javives.es\/index.php?rest_route=\/wp\/v2\/posts\/2081"}],"collection":[{"href":"https:\/\/javives.es\/index.php?rest_route=\/wp\/v2\/posts"}],"about":[{"href":"https:\/\/javives.es\/index.php?rest_route=\/wp\/v2\/types\/post"}],"author":[{"embeddable":true,"href":"https:\/\/javives.es\/index.php?rest_route=\/wp\/v2\/users\/1"}],"replies":[{"embeddable":true,"href":"https:\/\/javives.es\/index.php?rest_route=%2Fwp%2Fv2%2Fcomments&post=2081"}],"version-history":[{"count":1,"href":"https:\/\/javives.es\/index.php?rest_route=\/wp\/v2\/posts\/2081\/revisions"}],"predecessor-version":[{"id":2083,"href":"https:\/\/javives.es\/index.php?rest_route=\/wp\/v2\/posts\/2081\/revisions\/2083"}],"wp:featuredmedia":[{"embeddable":true,"href":"https:\/\/javives.es\/index.php?rest_route=\/wp\/v2\/media\/2082"}],"wp:attachment":[{"href":"https:\/\/javives.es\/index.php?rest_route=%2Fwp%2Fv2%2Fmedia&parent=2081"}],"wp:term":[{"taxonomy":"category","embeddable":true,"href":"https:\/\/javives.es\/index.php?rest_route=%2Fwp%2Fv2%2Fcategories&post=2081"},{"taxonomy":"post_tag","embeddable":true,"href":"https:\/\/javives.es\/index.php?rest_route=%2Fwp%2Fv2%2Ftags&post=2081"}],"curies":[{"name":"wp","href":"https:\/\/api.w.org\/{rel}","templated":true}]}}