{"id":2075,"date":"2022-03-07T14:47:05","date_gmt":"2022-03-07T14:47:05","guid":{"rendered":"https:\/\/javives.es\/?p=2075"},"modified":"2022-03-07T14:49:12","modified_gmt":"2022-03-07T14:49:12","slug":"2075","status":"publish","type":"post","link":"https:\/\/javives.es\/?p=2075","title":{"rendered":""},"content":{"rendered":"<p>Hace ya tres a\u00f1os, publiqu\u00e9 un peque\u00f1o art\u00edculo en mi blog. Se trataba de un escrito que intencionadamente titul\u00e9: <em>\u00bfMisi\u00f3n compartida o misi\u00f3n partida?<\/em>, en el que, al tiempo que me hac\u00eda eco de la ilusi\u00f3n que estaba experimentando al poner en marcha el proyecto de la <em>Misi\u00f3n compartida<\/em>, manifestaba una sentida preocupaci\u00f3n acerca de la ineludible necesidad de trasmitir \u2013a quienes estaban llamados a compartir con nosotros la misi\u00f3n\u2013 el <em>esp\u00edritu<\/em>, o si se prefiere el <em>carisma<\/em> \u2013el alma del ser y hacer amigoniano\u2013, si no quer\u00edamos que la <em>Misi\u00f3n compartida<\/em> acabara siendo simplemente una <em>Misi\u00f3n partida<\/em> que se limitase tan solo a compartir un trabajo en el amplio \u00e1mbito de la educaci\u00f3n.<\/p>\n<p>Aquella entrega estaba pensada como la primera de otras tres intituladas: <em>La Panacea<\/em>, <em>La Puesta en Marcha<\/em> y <em>La Dura Realidad<\/em>, encaminadas a destacar las bonanzas y dificultades que hab\u00eda supuesto la puesta en marcha del exigente proyecto de <em>compartir la misi\u00f3n<\/em>, y a resaltar los \u00e9xitos logrados hasta el momento, destacando de forma especial: la creaci\u00f3n del <em>Equipo de Titularidad de los Colegios<\/em> \u2013entonces <em>Amigonianos<\/em>, hoy <em>Amig\u00f3<\/em>\u2013, del <em>Comit\u00e9 de Direcci\u00f3n de la Fundaci\u00f3n Amig\u00f3<\/em>, y la realizaci\u00f3n de distintos <em>Cursos de Formaci\u00f3n Inicial, Continua <\/em>y <em>de Directivos<\/em>, a trav\u00e9s de la tambi\u00e9n establecida entonces <em>Escuela de Formaci\u00f3n<\/em>.<\/p>\n<p>Hoy \u2013tres a\u00f1os despu\u00e9s\u2013 quiero retomar la reflexi\u00f3n desde lo que yo mismo percibo y constato respecto a la <em>Misi\u00f3n compartida<\/em>.<\/p>\n<p>Al inicio del trienio se hicieron nuevos nombramientos para los puestos directivos de los Colegios y durante el mismo \u2013y a pesar de la <em>pandemia<\/em>\u2013 se continuaron realizando distintas innovaciones, entre las que destaca, a mi entender, la <em>Plataforma Ayarobla<\/em>, que puede contribuir muy positivamente a la formaci\u00f3n.<\/p>\n<p>Ser\u00eda, sin embargo, una pena que alguien pensase que ya se puede decir aquello de <em>Misi\u00f3n cumplida<\/em> con que en algunos ambientes \u2013especialmente militares\u2013 se da por concluida una tarea, dando as\u00ed, en cierta manera, un car\u00e1cter definitivo a lo actuado hasta el momento.<\/p>\n<p>Y nada ser\u00eda m\u00e1s pernicioso que dar por finalizada una <em>aventura<\/em> que tan solo est\u00e1 comenzando.<\/p>\n<p>Hay cuestiones fundamentales que deben de irse afrontando a fin de que la <em>Misi\u00f3n compartida<\/em> vaya ganando en <em>credibilidad <\/em>\u00a0y <em>trasparencia<\/em> entre todos aquellos que se integran en los proyectos educativos amigonianos y no s\u00f3lo entre los que componen los estamentos directivos, nombrados, por lo general, \u201ca dedo\u201d y sin una seria consulta a las bases. Y a este respecto, es ya imprescindible y urgente, por poner un mero ejemplo: <em>establecer el tiempo m\u00e1ximo de duraci\u00f3n de cada cargo directivo<\/em> y <em>establecer asimismo tablas salariales<\/em> \u2013de p\u00fablico conocimiento\u2013 en las que se especifiquen los <em>complementos remunerativos a percibir en los distintos cargos de los Colegios Amig\u00f3 <\/em>y <em>de la Fundaci\u00f3n Amig\u00f3<\/em>.<\/p>\n<p>Y, por supuesto, debe intensificarse la <em>formaci\u00f3n inicial y continua <\/em>de educadores y profesores y la <em>formaci\u00f3n espec\u00edfica de la funci\u00f3n directiva<\/em>, incidiendo, de forma particular, en la trasmisi\u00f3n de los valores m\u00e1s castizos de la <em>identidad amigoniana<\/em>.<\/p>\n<p style=\"text-align: right;\"><em>EPLA, 7 de marzo de 2022<\/em><\/p>\n<p style=\"text-align: right;\"><strong><em>Juan Antonio Vives Aguilella<\/em><\/strong><\/p>\n","protected":false},"excerpt":{"rendered":"<p>Hace ya tres a\u00f1os, publiqu\u00e9 un peque\u00f1o art\u00edculo en mi blog. Se trataba de un escrito que intencionadamente titul\u00e9: \u00bfMisi\u00f3n compartida o misi\u00f3n partida?, en el que, al tiempo que me hac\u00eda eco de la ilusi\u00f3n que estaba experimentando al poner en marcha el proyecto de la Misi\u00f3n compartida, manifestaba una sentida preocupaci\u00f3n acerca de [&hellip;]<\/p>\n","protected":false},"author":1,"featured_media":2078,"comment_status":"open","ping_status":"open","sticky":false,"template":"","format":"standard","meta":{"footnotes":""},"categories":[2],"tags":[],"class_list":["post-2075","post","type-post","status-publish","format-standard","has-post-thumbnail","hentry","category-articulos"],"_links":{"self":[{"href":"https:\/\/javives.es\/index.php?rest_route=\/wp\/v2\/posts\/2075"}],"collection":[{"href":"https:\/\/javives.es\/index.php?rest_route=\/wp\/v2\/posts"}],"about":[{"href":"https:\/\/javives.es\/index.php?rest_route=\/wp\/v2\/types\/post"}],"author":[{"embeddable":true,"href":"https:\/\/javives.es\/index.php?rest_route=\/wp\/v2\/users\/1"}],"replies":[{"embeddable":true,"href":"https:\/\/javives.es\/index.php?rest_route=%2Fwp%2Fv2%2Fcomments&post=2075"}],"version-history":[{"count":2,"href":"https:\/\/javives.es\/index.php?rest_route=\/wp\/v2\/posts\/2075\/revisions"}],"predecessor-version":[{"id":2079,"href":"https:\/\/javives.es\/index.php?rest_route=\/wp\/v2\/posts\/2075\/revisions\/2079"}],"wp:featuredmedia":[{"embeddable":true,"href":"https:\/\/javives.es\/index.php?rest_route=\/wp\/v2\/media\/2078"}],"wp:attachment":[{"href":"https:\/\/javives.es\/index.php?rest_route=%2Fwp%2Fv2%2Fmedia&parent=2075"}],"wp:term":[{"taxonomy":"category","embeddable":true,"href":"https:\/\/javives.es\/index.php?rest_route=%2Fwp%2Fv2%2Fcategories&post=2075"},{"taxonomy":"post_tag","embeddable":true,"href":"https:\/\/javives.es\/index.php?rest_route=%2Fwp%2Fv2%2Ftags&post=2075"}],"curies":[{"name":"wp","href":"https:\/\/api.w.org\/{rel}","templated":true}]}}