{"id":1963,"date":"2019-06-13T17:34:14","date_gmt":"2019-06-13T17:34:14","guid":{"rendered":"https:\/\/javives.es\/?p=1963"},"modified":"2020-11-23T08:30:16","modified_gmt":"2020-11-23T08:30:16","slug":"pastores-o-jerarcas","status":"publish","type":"post","link":"https:\/\/javives.es\/?p=1963","title":{"rendered":"\u00bfPastores o Jerarcas?"},"content":{"rendered":"<p>La equiparaci\u00f3n entre <em>autoridad y servicio<\/em> es uno de los mensajes que Jes\u00fas dej\u00f3 meridianamente claros en el evangelio: <em>Yo estoy en medio de vosotros como el que sirve<a href=\"#_ftn1\" name=\"_ftnref1\"><strong>[1]<\/strong><\/a><\/em>; <em>el que quiera ser el primero, que sea vuestro servidor<a href=\"#_ftn2\" name=\"_ftnref2\"><strong>[2]<\/strong><\/a><\/em>; <em>no he venido a ser servido, sino a servir<a href=\"#_ftn3\" name=\"_ftnref3\"><strong>[3]<\/strong><\/a><\/em>\u2026 y, como s\u00edntesis, y ejemplo al mismo tiempo, de todas estas ense\u00f1anzas:<\/p>\n<ul>\n<li><em>Vosotros<\/em> \u2013les dijo a los ap\u00f3stoles tras lavarles los pies\u2013 <em>me llam\u00e1is \u201cMaestro y Se\u00f1or\u201d y dec\u00eds bien, porque lo soy, pues si yo os he lavado los pies, tambi\u00e9n vosotros deb\u00e9is lavaros los pies unos a otros<\/em>\u2026<a href=\"#_ftn4\" name=\"_ftnref4\">[4]<\/a><\/li>\n<\/ul>\n<p>A partir de este mensaje, se podr\u00eda decir que el sacerdote est\u00e1 llamado a vivir con una radicalidad, si cabe, mayor <em>la vocaci\u00f3n de servicio puesta en acci\u00f3n<\/em> a la que est\u00e1 llamado tambi\u00e9n todo cristiano. Y si es verdaderamente <em>el servicio<\/em> la cualidad m\u00e1s identificante del sacerdote, \u00bfc\u00f3mo se podr\u00eda definir al obispo? Alguien, en plan jocoso dijo que \u201cel obispo es igual que el sacerdote, pero en tecnicolor\u201d. Trascendiendo, sin embargo, el chascarrillo \u2013que en el fondo no deja de expresar con gracia una dura cr\u00edtica a quien entiende el episcopado como una mera \u201cpromoci\u00f3n jer\u00e1rquica\u201d\u2013, se podr\u00eda decir que, si ser <em>sacerdote<\/em> implica vivir consagrado al amor, expresado particularmente como servicio cercano, personalizado, desinteresado, sencillo, compasivo, adaptado a las necesidades del otro y con preferencia a los m\u00e1s pobres y necesitados, el <em>obispo<\/em> tendr\u00eda que ser \u201cel primer servidor y testigo del amor en su iglesia\u201d.<\/p>\n<p>El amor es el \u00fanico \u201cm\u00e9rito de guerra\u201d para \u201csubir en el escalaf\u00f3n del Reino de los Cielos\u201d.<\/p>\n<p>Cuando Jes\u00fas examina a Pedro antes de designarle el \u201cprimero de los ap\u00f3stoles\u201d, s\u00f3lo le examina del amor: \u00bf\u201cMe amas m\u00e1s que \u00e9stos?\u201d<a href=\"#_ftn5\" name=\"_ftnref5\">[5]<\/a>, es decir \u00bfte entregas, sirves, buscas los \u00faltimos sitios\u2026 m\u00e1s que \u00e9stos?<\/p>\n<p>Y es precisamente la especial vivencia del servicio amoroso lo que hace del sacerdote y del obispo un verdadero <em>pastor<\/em> que vive entre su grey, para su grey y se entufa con naturalidad del \u201color de su reba\u00f1o\u201d.<\/p>\n<p>La <em>Iglesia primitiva<\/em>, al decir de las Cartas de Pablo, experiment\u00f3 de alguna manera el ideal de sentirse pastoreada con amor. Y esta experiencia debi\u00f3 ser tanto m\u00e1s fuerte en la turbulenta \u00e9poca de las persecuciones que bien pronto se inici\u00f3 y que bien pronto debi\u00f3 poner de manifiesto que \u201cno hay Iglesia m\u00e1s aut\u00e9ntica, que la perseguida\u201d.<\/p>\n<p>Despu\u00e9s del <em>Edicto de Mil\u00e1n<\/em>, en la medida que la Iglesia pasa de la clandestinidad a la esfera p\u00fablica y pasa incluso a ser defendida por las autoridades civiles, se empiezan a jerarquizar dentro de ella los <em>carismas<\/em> que el ap\u00f3stol Pablo \u2013en su visi\u00f3n de la <em>misi\u00f3n compartida<\/em> en la Iglesia, como una <em>colaboraci\u00f3n mutua<\/em> ejercida desde la diversidad de carismas personales<a href=\"#_ftn6\" name=\"_ftnref6\">[6]<\/a>\u2013 hab\u00eda presentado como igualmente necesarios e importantes en orden a la edificaci\u00f3n del <em>Cuerpo m\u00edstico<\/em> de Cristo; resaltando, al mismo tiempo, que lo que verdaderamente concede preeminencia dentro del \u00e1mbito comunitario no es el carisma en s\u00ed mismo, sino el <em>crecimiento personal en amor<\/em> que, desde \u00e9l, ha realizado la persona agraciada: \u201cAunque hablara lenguas, aunque profetizara\u2026, si no tengo amor, soy nada\u201d<a href=\"#_ftn7\" name=\"_ftnref7\">[7]<\/a>.<\/p>\n<p>En la <em>Edad Media<\/em> con el advenimiento del Cesaropapismo y la creaci\u00f3n de la perniciosa cultura de <em>cristiandad<\/em>, que lejos de contribuir a un crecimiento de los valores cristianos \u2013y al mismo tiempo profundamente humanos\u2013 los desvirtu\u00f3, consiguiendo que, en nombre de Cristo, se viviera por lo general de espaldas al mensaje evang\u00e9lico, se acentu\u00f3 todav\u00eda m\u00e1s la visi\u00f3n piramidal de una Iglesia cada vez m\u00e1s jerarquizada en la que s\u00f3lo \u201clos de arriba\u201d \u2013y cuanto m\u00e1s arriba con m\u00e1s propiedad\u2013 eran depositarios de la verdad revelada por el Esp\u00edritu, y en la que al pueblo fiel no le quedaba otra que escuchar y obedecer ciegamente los dictados de quienes, llam\u00e1ndose pastores, eran y actuaban como verdaderos \u201cjefes y se\u00f1ores\u201d. Y, a partir de aqu\u00ed, se fue configurando en la Iglesia algo tan contrario al <em>esp\u00edritu evang\u00e9lico<\/em> como fue una \u201ccasta\u201d clerical y sacerdotal<a href=\"#_ftn8\" name=\"_ftnref8\">[8]<\/a>, cuyos integrantes, en algunos casos, olvidaron de tal manera su <em>ministerio pastoral<\/em>, que bien podr\u00edan atribu\u00edrseles las denuncias que en su d\u00eda hicieran los profetas Ezequiel y Jerem\u00edas<a href=\"#_ftn9\" name=\"_ftnref9\">[9]<\/a>.<\/p>\n<p>El Concilio Vaticano II dio considerables pasos hacia una recuperaci\u00f3n del sentido primero de la Iglesia, defini\u00e9ndola como \u201cpueblo de Dios\u201d y enalteci\u00f3 el <em>sacerdocio com\u00fan<\/em> de todos los fieles, junto a la <em>misi\u00f3n prof\u00e9tica<\/em> de todos ellos, y, aunque reconoci\u00f3 la constituci\u00f3n jer\u00e1rquica de la propia Iglesia, no dej\u00f3 por ello de insistir exhaustivamente en que los denominados \u201cpastores\u201d, ejercieran su ministerio como <em>servicio de amor<\/em><a href=\"#_ftn10\" name=\"_ftnref10\">[10]<\/a>.<\/p>\n<p>Dentro de la l\u00ednea pastoral marcada por el Concilio, alcanzaron especial renombre obispos como Helder C\u00e1mara o Pedro Casald\u00e1liga que, identificados de alguna manera con la \u201cTeolog\u00eda de la liberaci\u00f3n\u201d, se distinguieron por su preocupaci\u00f3n integral por los m\u00e1s pobres y necesitados, y renunciaron a ostentar signos de poder o de pertenencia a un estatus superior.<\/p>\n<p>Pocos a\u00f1os despu\u00e9s de finalizado el Concilio, al tiempo que se silenci\u00f3 su doctrina, se propici\u00f3, por lo general, la elecci\u00f3n de obispos que, desde su conservadurismo \u2013a veces a ultranza\u2013 adoptasen de nuevo actitudes de jerarcas y luciesen con orgullo los signos externos de su \u201cdignidad\u201d.<\/p>\n<p>El Papa Francisco, ya desde el inicio de su Pontificado, dej\u00f3 bien claro que su ideal de <em>pastor<\/em> era el de \u201coler a oveja\u201d, es decir que como el <em>Buen Pastor<\/em>, compartiese su vida con el reba\u00f1o, conociese por v\u00eda del coraz\u00f3n a cada uno de sus integrantes, caminase delante\u2026 y les sirviera hasta el punto de dar la vida, si necesario fuera\u2026 Y para esto, la simbolog\u00eda jer\u00e1rquica \u2013trajes talares, pulcr\u00edsimos clergymans, ostentosos pectorales y los colorines en las telas \u2013 no s\u00f3lo no ayudan, sino que m\u00e1s bien dificultan la labor.<\/p>\n<p>\u00bfConseguir\u00e1 el papa Francisco m\u00ednimamente su ideal de que el clero, comenzando por su c\u00faspide, sea signo y sacramento de <em>cercan\u00eda<\/em>, de <em>sencillez<\/em>, de <em>humildad<\/em>, de <em>compromiso<\/em>, de <em>servicio misericordioso hecho acci\u00f3n cotidiana?<\/em><\/p>\n<p>\u00a1Harto dif\u00edcil me parece! \u00a1Ojal\u00e1 me equivoque!<\/p>\n<p>&nbsp;<\/p>\n<p>EPLA, 30-03-2019<\/p>\n<p>Juan Antonio Vives Aguilella<\/p>\n<hr \/>\n<p><a href=\"#_ftnref1\" name=\"_ftn1\">[1]<\/a> Lc 22, 27.<\/p>\n<p><a href=\"#_ftnref2\" name=\"_ftn2\">[2]<\/a> Mt 20, 26.<\/p>\n<p><a href=\"#_ftnref3\" name=\"_ftn3\">[3]<\/a> Mc 10, 45.<\/p>\n<p><a href=\"#_ftnref4\" name=\"_ftn4\">[4]<\/a> Jn 13, 13-15.<\/p>\n<p><a href=\"#_ftnref5\" name=\"_ftn5\">[5]<\/a> Jn 21, 15-19.<\/p>\n<p><a href=\"#_ftnref6\" name=\"_ftn6\">[6]<\/a> 1Co. 12, 1 a 14, 33.<\/p>\n<p><a href=\"#_ftnref7\" name=\"_ftn7\">[7]<\/a> 1Co. 13, 1-2.<\/p>\n<p><a href=\"#_ftnref8\" name=\"_ftn8\">[8]<\/a> Francisco de As\u00eds \u2013ya en la Baja Edad Media \u2013 fue uno de los que se rebelaron contra esta concepci\u00f3n tan piramidal y clerical de la Iglesia, aunque siempre fue respetuoso con la misma.<\/p>\n<p><a href=\"#_ftnref9\" name=\"_ftn9\">[9]<\/a> Ez. 34, 1-31 y Jer. 23, 9-40.<\/p>\n<p><a href=\"#_ftnref10\" name=\"_ftn10\">[10]<\/a> <em>Christus Dominus<\/em>, n. 16.<\/p>\n","protected":false},"excerpt":{"rendered":"<p>La equiparaci\u00f3n entre autoridad y servicio es uno de los mensajes que Jes\u00fas dej\u00f3 meridianamente claros en el evangelio: Yo estoy en medio de vosotros como el que sirve[1]; el que quiera ser el primero, que sea vuestro servidor[2]; no he venido a ser servido, sino a servir[3]\u2026 y, como s\u00edntesis, y ejemplo al mismo [&hellip;]<\/p>\n","protected":false},"author":1,"featured_media":1964,"comment_status":"closed","ping_status":"closed","sticky":false,"template":"","format":"standard","meta":{"footnotes":""},"categories":[2],"tags":[],"class_list":["post-1963","post","type-post","status-publish","format-standard","has-post-thumbnail","hentry","category-articulos"],"_links":{"self":[{"href":"https:\/\/javives.es\/index.php?rest_route=\/wp\/v2\/posts\/1963"}],"collection":[{"href":"https:\/\/javives.es\/index.php?rest_route=\/wp\/v2\/posts"}],"about":[{"href":"https:\/\/javives.es\/index.php?rest_route=\/wp\/v2\/types\/post"}],"author":[{"embeddable":true,"href":"https:\/\/javives.es\/index.php?rest_route=\/wp\/v2\/users\/1"}],"replies":[{"embeddable":true,"href":"https:\/\/javives.es\/index.php?rest_route=%2Fwp%2Fv2%2Fcomments&post=1963"}],"version-history":[{"count":2,"href":"https:\/\/javives.es\/index.php?rest_route=\/wp\/v2\/posts\/1963\/revisions"}],"predecessor-version":[{"id":1966,"href":"https:\/\/javives.es\/index.php?rest_route=\/wp\/v2\/posts\/1963\/revisions\/1966"}],"wp:featuredmedia":[{"embeddable":true,"href":"https:\/\/javives.es\/index.php?rest_route=\/wp\/v2\/media\/1964"}],"wp:attachment":[{"href":"https:\/\/javives.es\/index.php?rest_route=%2Fwp%2Fv2%2Fmedia&parent=1963"}],"wp:term":[{"taxonomy":"category","embeddable":true,"href":"https:\/\/javives.es\/index.php?rest_route=%2Fwp%2Fv2%2Fcategories&post=1963"},{"taxonomy":"post_tag","embeddable":true,"href":"https:\/\/javives.es\/index.php?rest_route=%2Fwp%2Fv2%2Ftags&post=1963"}],"curies":[{"name":"wp","href":"https:\/\/api.w.org\/{rel}","templated":true}]}}