{"id":1957,"date":"2019-05-14T09:03:13","date_gmt":"2019-05-14T09:03:13","guid":{"rendered":"https:\/\/javives.es\/?p=1957"},"modified":"2020-11-23T08:30:24","modified_gmt":"2020-11-23T08:30:24","slug":"a-que-tanta-prisa","status":"publish","type":"post","link":"https:\/\/javives.es\/?p=1957","title":{"rendered":"\u00a1A QU\u00c9 TANTA PRISA!"},"content":{"rendered":"<p>La prisa no ha sido precisamente uno de los distintivos cl\u00e1sicos de la curia vaticana. M\u00e1s bien ha sido todo lo contrario, pues la Roma eterna \u2014reflejada en esto bastante fielmente en los organismos de la Santa Sede\u2014 ha tendido por lo general a \u201ceternizar\u201d las gestiones.<\/p>\n<p>Y por ello precisamente me llama poderosamente la atenci\u00f3n la prisa que en los \u00faltimos a\u00f1os se ha dado el Vaticano en acelerar incluso algunas canonizaciones.<\/p>\n<p>Por otra parte, no deja de ser tampoco significativo al respecto que las causas de algunos m\u00e1rtires modernos, que dieron su vida defendiendo los derechos de los m\u00e1s pobres se eternizaran, como ha sido, por ejemplo, los casos de monse\u00f1or \u00d3scar Arnulfo Romero, que tuvo que esperar 38 a\u00f1os para ser canonizado o del padre Rutilio Grandes, quien, despu\u00e9s de 42 a\u00f1os de su asesinato, a\u00fan espera la Beatificaci\u00f3n. Y esto es, si cabe, m\u00e1s llamativo, si se tiene en cuenta que fue precisamente el <em>martirio<\/em> el \u00fanico motivo por el que la Iglesia acept\u00f3 la santidad de una persona, hasta que reconoci\u00f3 la santidad de San Mart\u00edn de Tours \u2014el primer santo no m\u00e1rtir\u2014 fallecido en el 397.<\/p>\n<p>Por otra parte, desde que el papa Honorio III estableciera que para proceder a la canonizaci\u00f3n de una persona hab\u00eda que tomar declaraci\u00f3n a testigos que diesen fe de las virtudes vividas por esa persona y de los milagros atribuidos a su intercesi\u00f3n, adem\u00e1s de presentar una biograf\u00eda oficial de la misma<a href=\"#_ftn1\" name=\"_ftnref1\"><sup>[1]<\/sup><\/a>, los Procesos de Canonizaci\u00f3n se fueron ralentizando poco a poco m\u00e1s y m\u00e1s, hasta que durante el largo pontificado de Juan Pablo II no s\u00f3lo se multiplicaron las declaraciones de santidad, sino que incluso alguna de ellas \u2014y esto no dej\u00f3 de ser un tanto alarmante en su d\u00eda\u2014 se aceler\u00f3 considerablemente.<\/p>\n<p>\u00daltimamente ha llamado poderosamente la atenci\u00f3n la inusitada rapidez con que se desarroll\u00f3 el Proceso del papa Juan Pablo II, que se abri\u00f3 oficialmente al mes siguiente de su fallecimiento, fue Beatificado en 2011 y Canonizado en 2014. Todo un \u201crecord\u201d en la \u00e9poca m\u00e1s reciente de la Iglesia<a href=\"#_ftn2\" name=\"_ftnref2\"><sup>[2]<\/sup><\/a>.<\/p>\n<p>Y es que, tan pronto como fue anunciada su muerte, una masa enfervorizada de gente \u2014integrada por personas pertenecientes a los sectores m\u00e1s conservadores de la Iglesia, y que, por sus gritos y gestos, poco ten\u00edan que envidiar a algunos de los m\u00e1s fan\u00e1ticos seguidores de las bandas musicales de Rock\u2014 empez\u00f3 a gritar \u201c<em>\u00a1Santo subito!<\/em>\u201d.<\/p>\n<p>Qu\u00e9 pena lo de \u201c<em>\u00a1Santo subito!<\/em>\u201d. Delante de Dios, que es lo verdaderamente importante, no hac\u00eda falta que lo gritase ni exigiese nadie, pues todo hombre y mujer\u00a0\u00a0 que, en medio de sus limitaciones y defectos, ha alcanzado la suficiente maduraci\u00f3n en el amor, es declarado santo en los cielos, tan pronto pasa de esta vida a la Casa del Padre.<\/p>\n<p>Otra cosa muy distinta es, sin embargo, la declaraci\u00f3n oficial de santidad por parte de la Iglesia. \u00c9sta no s\u00f3lo no debe ser \u201csubita\u201d, sino que necesita de un cierto tiempo que permita, pasadas las sensaciones de la inmediatez, analizar la vida del posible santo con la tranquilidad exigida para acto tan solemne. Y esto es cada vez m\u00e1s necesario en un <em>mundo globalizado<\/em>, como el actual, en el que las <em>redes sociales<\/em> son el gran altavoz de noticias que, sin censura alguna, se universalizan y sacan a relucir, en ocasiones, hechos que, en otras \u00e9pocas, dif\u00edcilmente hubiesen podido conocerse.<\/p>\n<p>Actuar con precipitaci\u00f3n hoy en d\u00eda \u2014y m\u00e1xime en un tema tan delicado y solemne como es la declaraci\u00f3n de santidad de una persona\u2014, puede provocar, como de hecho est\u00e1 sucediendo actualmente en el caso que nos ocupa, que, conocidos ciertos hechos graves \u2014sino por acci\u00f3n, s\u00ed por omisi\u00f3n\u2014 de la persona elevada a las alturas, la gente sencilla ponga en entredicho la credibilidad de la Iglesia, seriamente da\u00f1ada adem\u00e1s por otros hechos \u2014tambi\u00e9n de especial gravedad\u2014 que est\u00e1n en la mente de todos.<\/p>\n<p>&nbsp;<\/p>\n<p>Juan Antonio Vives Aguilella<\/p>\n<p>EPLA 19-3-2019<\/p>\n<hr \/>\n<p><a href=\"#_ftnref1\" name=\"_ftn1\"><sup>[1]<\/sup><\/a>\u00a0 \u00a0 \u00a0 \u00a0 \u00a0 \u00a0 \u00a0Por cierto, el primer <em>Proceso<\/em> que se realiz\u00f3 seg\u00fan este protocolo del papa Honorio III fue el de San Francisco de As\u00eds. Y la <em>biograf\u00eda<\/em> presentada para el caso fue la conocida como <em>Primera Celano<\/em>. Por desgracia, el Proceso de San Francisco se perdi\u00f3. No as\u00ed el seguido, a\u00f1os despu\u00e9s, para Santa Clara, que se conserv\u00f3 \u00edntegramente.<\/p>\n<p><a href=\"#_ftnref2\" name=\"_ftn2\"><sup>[2]<\/sup><\/a>\u00a0 \u00a0 \u00a0 \u00a0 \u00a0 \u00a0 El caso es tanto m\u00e1s llamativo, si se tiene en cuenta que el \u00faltimo papa canonizado antes que \u00e9l fue P\u00edo X, fallecido en 1914 y que s\u00f3lo ser\u00eda Beatificado y Canonizado en 1951 y 1954 respectivamente. En el caso del papa Juan XXIII \u2014canonizado en la misma fecha que Juan Pablo II y que hab\u00eda fallecido en 1963\u2014 hubo que esperar 37 a\u00f1os para su Beatificaci\u00f3n y 51 para su Canonizaci\u00f3n.<\/p>\n","protected":false},"excerpt":{"rendered":"<p>La prisa no ha sido precisamente uno de los distintivos cl\u00e1sicos de la curia vaticana. M\u00e1s bien ha sido todo lo contrario, pues la Roma eterna \u2014reflejada en esto bastante fielmente en los organismos de la Santa Sede\u2014 ha tendido por lo general a \u201ceternizar\u201d las gestiones. Y por ello precisamente me llama poderosamente la [&hellip;]<\/p>\n","protected":false},"author":1,"featured_media":1960,"comment_status":"closed","ping_status":"closed","sticky":false,"template":"","format":"standard","meta":{"footnotes":""},"categories":[2],"tags":[],"class_list":["post-1957","post","type-post","status-publish","format-standard","has-post-thumbnail","hentry","category-articulos"],"_links":{"self":[{"href":"https:\/\/javives.es\/index.php?rest_route=\/wp\/v2\/posts\/1957"}],"collection":[{"href":"https:\/\/javives.es\/index.php?rest_route=\/wp\/v2\/posts"}],"about":[{"href":"https:\/\/javives.es\/index.php?rest_route=\/wp\/v2\/types\/post"}],"author":[{"embeddable":true,"href":"https:\/\/javives.es\/index.php?rest_route=\/wp\/v2\/users\/1"}],"replies":[{"embeddable":true,"href":"https:\/\/javives.es\/index.php?rest_route=%2Fwp%2Fv2%2Fcomments&post=1957"}],"version-history":[{"count":3,"href":"https:\/\/javives.es\/index.php?rest_route=\/wp\/v2\/posts\/1957\/revisions"}],"predecessor-version":[{"id":1961,"href":"https:\/\/javives.es\/index.php?rest_route=\/wp\/v2\/posts\/1957\/revisions\/1961"}],"wp:featuredmedia":[{"embeddable":true,"href":"https:\/\/javives.es\/index.php?rest_route=\/wp\/v2\/media\/1960"}],"wp:attachment":[{"href":"https:\/\/javives.es\/index.php?rest_route=%2Fwp%2Fv2%2Fmedia&parent=1957"}],"wp:term":[{"taxonomy":"category","embeddable":true,"href":"https:\/\/javives.es\/index.php?rest_route=%2Fwp%2Fv2%2Fcategories&post=1957"},{"taxonomy":"post_tag","embeddable":true,"href":"https:\/\/javives.es\/index.php?rest_route=%2Fwp%2Fv2%2Ftags&post=1957"}],"curies":[{"name":"wp","href":"https:\/\/api.w.org\/{rel}","templated":true}]}}